{"id":10489,"date":"2025-06-11T15:33:18","date_gmt":"2025-06-11T13:33:18","guid":{"rendered":"https:\/\/odyssey.education\/2025\/06\/11\/luc-chatel-en-visite-a-ho-chi-minh-city\/"},"modified":"2025-06-11T15:57:04","modified_gmt":"2025-06-11T13:57:04","slug":"luc-chatel-la-petite-ecole-ho-chi-minh-city","status":"publish","type":"post","link":"https:\/\/odyssey.education\/en\/2025\/06\/11\/luc-chatel-la-petite-ecole-ho-chi-minh-city\/","title":{"rendered":"Luc Chatel visits LPE Ho Chi Minh City"},"content":{"rendered":"<p>\t\t\t\t<!-- avec ou sans CTA : m\u00eame code, \u00e7a centre verticalement le texte --><\/p>\n<div class=\"smallheader\" id=\"bloc_small_header_6\">\n<style type=\"text\/css\">\n\t\t\t\t\t\t\t#bloc_small_header_6 {background-image: url(https:\/\/odyssey.education\/wp-content\/uploads\/2021\/12\/LPE-HCMV_MG_4203_professeur-610x270.jpg);}\n\t\t\t\t\t\t\t@media (min-width: 480px) {\t#bloc_small_header_6 {background-image: url(https:\/\/odyssey.education\/wp-content\/uploads\/2021\/12\/LPE-HCMV_MG_4203_professeur-610x270.jpg);}}\n\t\t\t\t\t\t\t@media (min-width: 768px) {\t#bloc_small_header_6 {background-image: url(https:\/\/odyssey.education\/wp-content\/uploads\/2021\/12\/LPE-HCMV_MG_4203_professeur-1024x683.jpg);}}\n\t\t\t\t\t\t\t@media (min-width: 992px) { #bloc_small_header_6 {background-image: url(https:\/\/odyssey.education\/wp-content\/uploads\/2021\/12\/LPE-HCMV_MG_4203_professeur-1024x683.jpg);}}\n\t\t\t\t\t\t\t@media (min-width: 1200px) { #bloc_small_header_6 {background-image: url(https:\/\/odyssey.education\/wp-content\/uploads\/2021\/12\/LPE-HCMV_MG_4203_professeur-1536x1024.jpg);}}\n\t\t\t\t\t\t<\/style>\n<div class=\"container d-flex flex-column justify-content-center align-items-start\">\n<h1><span>Luc Chatel visits La Petite Ecole Ho Chi Minh City<\/span><\/h1>\n<\/p><\/div>\n<\/p><\/div>\n<div class=\"bloctext bloctext--color1 bloctext--haspattern\" id=\"bloc_6_7\">\n<div class=\"container\">\n<div class=\"row\">\n<div class=\"col-12 col-lg-4 col-xl-3 mb-1\">\n<h2><span>A French international school in the spotlight<\/span><\/h2>\n<\/p><\/div>\n<div class=\"col-12 col-lg-8 col-xl-9\">\n<div class=\"text pl-lg-4\">\n<p data-start=\"356\" data-end=\"681\">In May, <strong>Luc Chatel<\/strong>, Chairman of the Odyssey Education Group and former French Minister of Education, visited <strong>La Petite Ecole Ho Chi Minh City<\/strong>, a nursery and primary school approved by the French Ministry of Education and a partner of the AEFE.<\/p>\n<\/p><\/div>\n<\/p><\/div>\n<\/p><\/div>\n<\/p><\/div>\n<\/div>\n<div class=\"blocmedia blocmedia--textright blocmedia--nocolor\" id=\"bloc_2_8\">\n<div class=\"container\">\n<div class=\"row\">\n<div class=\"col-12 col-md-6\">\n<div class=\"slider\">\n<div id=\"slider-bloc_2_8\" class=\"flexslider flexslider--blocmedia loading\">\n<ul class=\"slides list-unstyled\">\n<li class=\"slider-li\">\n\t\t\t\t\t\t\t\t\t\t     \t<a data-fancybox=\"rel-slider-bloc_2_8\" data-caption=\"\" href=\"https:\/\/odyssey.education\/wp-content\/uploads\/2025\/06\/La-Petite-Ecole-Ho-Chi-Minh-City-June-2026-1-722x564.jpg\"><br \/>\n\t\t\t\t\t\t\t\t\t\t\t\t\t<img decoding=\"async\" class=\"img-fluid\" src=\"https:\/\/odyssey.education\/wp-content\/uploads\/2025\/06\/La-Petite-Ecole-Ho-Chi-Minh-City-June-2026-1-722x564.jpg\" width=\"\" height=\"\" alt=\"\"><br \/>\n\t\t\t\t\t\t\t\t\t\t\t\t<\/a>\n\t\t\t\t\t\t\t\t\t\t     <\/li>\n<li class=\"slider-li\">\n\t\t\t\t\t\t\t\t\t\t     \t<a data-fancybox=\"rel-slider-bloc_2_8\" data-caption=\"\" href=\"https:\/\/odyssey.education\/wp-content\/uploads\/2025\/06\/La-Petite-Ecole-Ho-Chi-Minh-City-June-2026-3-722x564.jpg\"><br \/>\n\t\t\t\t\t\t\t\t\t\t\t\t\t<img decoding=\"async\" class=\"img-fluid\" src=\"https:\/\/odyssey.education\/wp-content\/uploads\/2025\/06\/La-Petite-Ecole-Ho-Chi-Minh-City-June-2026-3-722x564.jpg\" width=\"\" height=\"\" alt=\"\"><br \/>\n\t\t\t\t\t\t\t\t\t\t\t\t<\/a>\n\t\t\t\t\t\t\t\t\t\t     <\/li>\n<li class=\"slider-li\">\n\t\t\t\t\t\t\t\t\t\t     \t<a data-fancybox=\"rel-slider-bloc_2_8\" data-caption=\"\" href=\"https:\/\/odyssey.education\/wp-content\/uploads\/2025\/06\/La-Petite-Ecole-Ho-Chi-Minh-City-June-2026-4-722x564.jpg\"><br \/>\n\t\t\t\t\t\t\t\t\t\t\t\t\t<img decoding=\"async\" class=\"img-fluid\" src=\"https:\/\/odyssey.education\/wp-content\/uploads\/2025\/06\/La-Petite-Ecole-Ho-Chi-Minh-City-June-2026-4-722x564.jpg\" width=\"\" height=\"\" alt=\"\"><br \/>\n\t\t\t\t\t\t\t\t\t\t\t\t<\/a>\n\t\t\t\t\t\t\t\t\t\t     <\/li>\n<\/ul><\/div>\n<\/p><\/div>\n<\/p><\/div>\n<div class=\"col-12 col-md-5 d-flex flex-column justify-content-center align-items-start mb-2 mb-md-0\">\n<div class=\"text\">\n<h2><span>A visit dedicated to educational excellence<\/span><\/h2>\n<p>By meeting the teachers, pupils and management of the school, Luc Chatel was able to see the commitment of the entire educational community to providing a caring, demanding learning environment that is open to the world.<\/p>\n<p>\t\t\t\t\t\t<!-- Changer la classe de couleur du bouton en fonction de la couleur g\u00e9n\u00e9rale du bloc --><\/p>\n<div class=\"bloc_cta\" ><\/div>\n<\/p><\/div>\n<\/p><\/div>\n<\/p><\/div>\n<\/p><\/div>\n<\/div>\n<div class=\"blocmedia blocmedia--textleft blocmedia--nocolor\" id=\"bloc_2_9\">\n<div class=\"container\">\n<div class=\"row\">\n<div class=\"col-12 col-md-6\">\n<div class=\"slider\">\n<div id=\"slider-bloc_2_9\" class=\"flexslider flexslider--blocmedia loading\">\n<ul class=\"slides list-unstyled\">\n<li class=\"slider-li\">\n\t\t\t\t\t\t\t\t\t\t     \t<a data-fancybox=\"rel-slider-bloc_2_9\" data-caption=\"\" href=\"https:\/\/odyssey.education\/wp-content\/uploads\/2025\/05\/Finaliste-2025-La-Petite-Ecole-HCMC-722x564.png\"><br \/>\n\t\t\t\t\t\t\t\t\t\t\t\t\t<img decoding=\"async\" class=\"img-fluid\" src=\"https:\/\/odyssey.education\/wp-content\/uploads\/2025\/05\/Finaliste-2025-La-Petite-Ecole-HCMC-722x564.png\" width=\"\" height=\"\" alt=\"\"><br \/>\n\t\t\t\t\t\t\t\t\t\t\t\t<\/a>\n\t\t\t\t\t\t\t\t\t\t     <\/li>\n<li class=\"slider-li\">\n\t\t\t\t\t\t\t\t\t\t     \t<a data-fancybox=\"rel-slider-bloc_2_9\" data-caption=\"\" href=\"https:\/\/odyssey.education\/wp-content\/uploads\/2025\/06\/La-Petite-Ecole-Ho-Chi-Minh-City-June-2026-2-722x564.jpg\"><br \/>\n\t\t\t\t\t\t\t\t\t\t\t\t\t<img decoding=\"async\" class=\"img-fluid\" src=\"https:\/\/odyssey.education\/wp-content\/uploads\/2025\/06\/La-Petite-Ecole-Ho-Chi-Minh-City-June-2026-2-722x564.jpg\" width=\"\" height=\"\" alt=\"\"><br \/>\n\t\t\t\t\t\t\t\t\t\t\t\t<\/a>\n\t\t\t\t\t\t\t\t\t\t     <\/li>\n<li class=\"slider-li\">\n\t\t\t\t\t\t\t\t\t\t     \t<a data-fancybox=\"rel-slider-bloc_2_9\" data-caption=\"\" href=\"https:\/\/odyssey.education\/wp-content\/uploads\/2025\/06\/La-Petite-Ecole-Ho-Chi-Minh-City-June-2026-5-scaled.jpg\"><br \/>\n\t\t\t\t\t\t\t\t\t\t\t\t\t<img decoding=\"async\" class=\"img-fluid\" src=\"https:\/\/odyssey.education\/wp-content\/uploads\/2025\/06\/La-Petite-Ecole-Ho-Chi-Minh-City-June-2026-5-scaled.jpg\" width=\"\" height=\"\" alt=\"\"><br \/>\n\t\t\t\t\t\t\t\t\t\t\t\t<\/a>\n\t\t\t\t\t\t\t\t\t\t     <\/li>\n<\/ul><\/div>\n<\/p><\/div>\n<\/p><\/div>\n<div class=\"col-12 col-md-5 d-flex flex-column justify-content-center align-items-start mb-2 mb-md-0\">\n<div class=\"text\">\n<h2><span>A school renowned for its artistic projects<\/span><\/h2>\n<p>During his visit, Luc Chatel warmly congratulated the pupils and teaching teams on their recent award: the Palme du r\u00e9seau d&#8217;enseignement fran\u00e7ais \u00e0 l&#8217;\u00e9tranger, in the cultural action category, awarded by the ReflexeS platform. This prestigious award recognises an artistic project carried out with children from nursery school, focusing on cultural awareness through the arts. The project illustrates the school&#8217;s ability to combine creativity, language learning and its roots in French-speaking culture.<\/p>\n<p>\t\t\t\t\t\t<!-- Changer la classe de couleur du bouton en fonction de la couleur g\u00e9n\u00e9rale du bloc --><\/p>\n<div class=\"bloc_cta\" ><\/div>\n<\/p><\/div>\n<\/p><\/div>\n<\/p><\/div>\n<\/p><\/div>\n<\/div>\n<div class=\"blocmedia blocmedia--textright blocmedia--color4\" id=\"bloc_2_10\">\n<div class=\"container\">\n<div class=\"row\">\n<div class=\"col-12 col-md-6\">\n<p><!-- code -PwzN0jeQ8w-->\t\t<\/p>\n<div class=\"video\">\n<div class=\"embed-responsive embed-responsive-4by3\"><iframe loading=\"lazy\" title=\"Discover La Petite Ecole Ho Chi Minh City - French &amp; English Bilingual International School\" width=\"900\" height=\"506\" src=\"https:\/\/www.youtube.com\/embed\/-PwzN0jeQ8w?feature=oembed&#038;version=3&#038;loop=1&#038;controls=1&#038;playsinline=1&#038;title=0&#038;portrait=0&#038;author_name=0&#038;rel=0\" frameborder=\"0\" allow=\"accelerometer; autoplay; clipboard-write; encrypted-media; gyroscope; picture-in-picture; web-share\" referrerpolicy=\"strict-origin-when-cross-origin\" allowfullscreen frameborder=\"0\"><\/iframe><\/div>\n<\/p><\/div>\n<\/p><\/div>\n<div class=\"col-12 col-md-5 d-flex flex-column justify-content-center align-items-start mb-2 mb-md-0\">\n<div class=\"text\">\n<h2><span>Find out more about La Petite Ecole Ho Chi Minh City<\/span><\/h2>\n<p>Discover La Petite Ecole Ho Chi Minh City, its multilingual approach from kindergarten onwards and its international outlook at the service of today&#8217;s and tomorrow&#8217;s pupils.<\/p>\n<p>\t\t\t\t\t\t<!-- Changer la classe de couleur du bouton en fonction de la couleur g\u00e9n\u00e9rale du bloc --><\/p>\n<div class=\"bloc_cta\" >\n<p><a class=\"btn btn--color4\" href=\"https:\/\/www.lpehochiminh.com\/en\" target=\"_blank\">Find out more about the school<\/a>\t\t\t\t\t<\/div>\n<\/p><\/div>\n<\/p><\/div>\n<\/p><\/div>\n<\/p><\/div>\n<\/div>\n","protected":false},"excerpt":{"rendered":"<p>Luc Chatel visits La Petite Ecole Ho Chi Minh City A French international school in the spotlight In May, Luc [&hellip;]<\/p>\n","protected":false},"author":14,"featured_media":0,"comment_status":"closed","ping_status":"open","sticky":false,"template":"","format":"standard","meta":{"_acf_changed":false,"kdcopypost-origin-url":"","kdcopypost-origin-id":"","footnotes":""},"categories":[38],"tags":[],"class_list":["post-10489","post","type-post","status-publish","format-standard","hentry","category-news"],"acf":{"sous_titre":"","photo":10478},"yoast_head":"<!-- This site is optimized with the Yoast SEO plugin v27.4 - https:\/\/yoast.com\/product\/yoast-seo-wordpress\/ -->\n<title>Luc Chatel visits LPE Ho Chi Minh City - ODYSSEY<\/title>\n<meta name=\"description\" content=\"Luc Chatel, Chairman of Odyssey Education, visited the staff and pupils of La Petite Ecole Ho Chi Minh City in Vietnam.\" \/>\n<meta name=\"robots\" content=\"index, follow, max-snippet:-1, max-image-preview:large, max-video-preview:-1\" \/>\n<link rel=\"canonical\" href=\"https:\/\/odyssey.education\/en\/2025\/06\/11\/luc-chatel-la-petite-ecole-ho-chi-minh-city\/\" \/>\n<meta property=\"og:locale\" content=\"en_US\" \/>\n<meta property=\"og:type\" content=\"article\" \/>\n<meta property=\"og:title\" content=\"Luc Chatel visits LPE Ho Chi Minh City - ODYSSEY\" \/>\n<meta property=\"og:description\" content=\"Luc Chatel, Chairman of Odyssey Education, visited the staff and pupils of La Petite Ecole Ho Chi Minh City in Vietnam.\" \/>\n<meta property=\"og:url\" content=\"https:\/\/odyssey.education\/en\/2025\/06\/11\/luc-chatel-la-petite-ecole-ho-chi-minh-city\/\" \/>\n<meta property=\"og:site_name\" content=\"ODYSSEY\" \/>\n<meta property=\"article:published_time\" content=\"2025-06-11T13:33:18+00:00\" \/>\n<meta property=\"article:modified_time\" content=\"2025-06-11T13:57:04+00:00\" \/>\n<meta property=\"og:image\" content=\"https:\/\/odyssey.education\/wp-content\/uploads\/2025\/06\/La-Petite-Ecole-Ho-Chi-Minh-City-June-2026-1-722x564.jpg\" \/>\n<meta name=\"author\" content=\"Lisa Lim\" \/>\n<meta name=\"twitter:card\" content=\"summary_large_image\" \/>\n<meta name=\"twitter:label1\" content=\"Written by\" \/>\n\t<meta name=\"twitter:data1\" content=\"Lisa Lim\" \/>\n\t<meta name=\"twitter:label2\" content=\"Est. reading time\" \/>\n\t<meta name=\"twitter:data2\" content=\"6 minutes\" \/>\n<script type=\"application\/ld+json\" class=\"yoast-schema-graph\">{\"@context\":\"https:\\\/\\\/schema.org\",\"@graph\":[{\"@type\":\"Article\",\"@id\":\"https:\\\/\\\/odyssey.education\\\/en\\\/2025\\\/06\\\/11\\\/luc-chatel-la-petite-ecole-ho-chi-minh-city\\\/#article\",\"isPartOf\":{\"@id\":\"https:\\\/\\\/odyssey.education\\\/en\\\/2025\\\/06\\\/11\\\/luc-chatel-la-petite-ecole-ho-chi-minh-city\\\/\"},\"author\":{\"name\":\"Lisa Lim\",\"@id\":\"https:\\\/\\\/odyssey.education\\\/#\\\/schema\\\/person\\\/90709a4dcad956791230c43bef894df0\"},\"headline\":\"Luc Chatel visits LPE Ho Chi Minh City\",\"datePublished\":\"2025-06-11T13:33:18+00:00\",\"dateModified\":\"2025-06-11T13:57:04+00:00\",\"mainEntityOfPage\":{\"@id\":\"https:\\\/\\\/odyssey.education\\\/en\\\/2025\\\/06\\\/11\\\/luc-chatel-la-petite-ecole-ho-chi-minh-city\\\/\"},\"wordCount\":237,\"publisher\":{\"@id\":\"https:\\\/\\\/odyssey.education\\\/#organization\"},\"image\":{\"@id\":\"https:\\\/\\\/odyssey.education\\\/en\\\/2025\\\/06\\\/11\\\/luc-chatel-la-petite-ecole-ho-chi-minh-city\\\/#primaryimage\"},\"thumbnailUrl\":\"https:\\\/\\\/odyssey.education\\\/wp-content\\\/uploads\\\/2025\\\/06\\\/La-Petite-Ecole-Ho-Chi-Minh-City-June-2026-1-722x564.jpg\",\"articleSection\":[\"News\"],\"inLanguage\":\"en-US\"},{\"@type\":\"WebPage\",\"@id\":\"https:\\\/\\\/odyssey.education\\\/en\\\/2025\\\/06\\\/11\\\/luc-chatel-la-petite-ecole-ho-chi-minh-city\\\/\",\"url\":\"https:\\\/\\\/odyssey.education\\\/en\\\/2025\\\/06\\\/11\\\/luc-chatel-la-petite-ecole-ho-chi-minh-city\\\/\",\"name\":\"Luc Chatel visits LPE Ho Chi Minh City - ODYSSEY\",\"isPartOf\":{\"@id\":\"https:\\\/\\\/odyssey.education\\\/#website\"},\"primaryImageOfPage\":{\"@id\":\"https:\\\/\\\/odyssey.education\\\/en\\\/2025\\\/06\\\/11\\\/luc-chatel-la-petite-ecole-ho-chi-minh-city\\\/#primaryimage\"},\"image\":{\"@id\":\"https:\\\/\\\/odyssey.education\\\/en\\\/2025\\\/06\\\/11\\\/luc-chatel-la-petite-ecole-ho-chi-minh-city\\\/#primaryimage\"},\"thumbnailUrl\":\"https:\\\/\\\/odyssey.education\\\/wp-content\\\/uploads\\\/2025\\\/06\\\/La-Petite-Ecole-Ho-Chi-Minh-City-June-2026-1-722x564.jpg\",\"datePublished\":\"2025-06-11T13:33:18+00:00\",\"dateModified\":\"2025-06-11T13:57:04+00:00\",\"description\":\"Luc Chatel, Chairman of Odyssey Education, visited the staff and pupils of La Petite Ecole Ho Chi Minh City in Vietnam.\",\"breadcrumb\":{\"@id\":\"https:\\\/\\\/odyssey.education\\\/en\\\/2025\\\/06\\\/11\\\/luc-chatel-la-petite-ecole-ho-chi-minh-city\\\/#breadcrumb\"},\"inLanguage\":\"en-US\",\"potentialAction\":[{\"@type\":\"ReadAction\",\"target\":[\"https:\\\/\\\/odyssey.education\\\/en\\\/2025\\\/06\\\/11\\\/luc-chatel-la-petite-ecole-ho-chi-minh-city\\\/\"]}]},{\"@type\":\"ImageObject\",\"inLanguage\":\"en-US\",\"@id\":\"https:\\\/\\\/odyssey.education\\\/en\\\/2025\\\/06\\\/11\\\/luc-chatel-la-petite-ecole-ho-chi-minh-city\\\/#primaryimage\",\"url\":\"https:\\\/\\\/odyssey.education\\\/wp-content\\\/uploads\\\/2025\\\/06\\\/La-Petite-Ecole-Ho-Chi-Minh-City-June-2026-1-722x564.jpg\",\"contentUrl\":\"https:\\\/\\\/odyssey.education\\\/wp-content\\\/uploads\\\/2025\\\/06\\\/La-Petite-Ecole-Ho-Chi-Minh-City-June-2026-1-722x564.jpg\"},{\"@type\":\"BreadcrumbList\",\"@id\":\"https:\\\/\\\/odyssey.education\\\/en\\\/2025\\\/06\\\/11\\\/luc-chatel-la-petite-ecole-ho-chi-minh-city\\\/#breadcrumb\",\"itemListElement\":[{\"@type\":\"ListItem\",\"position\":1,\"name\":\"Accueil\",\"item\":\"https:\\\/\\\/odyssey.education\\\/en\\\/\"},{\"@type\":\"ListItem\",\"position\":2,\"name\":\"Luc Chatel visits LPE Ho Chi Minh City\"}]},{\"@type\":\"WebSite\",\"@id\":\"https:\\\/\\\/odyssey.education\\\/#website\",\"url\":\"https:\\\/\\\/odyssey.education\\\/\",\"name\":\"ODYSSEY\",\"description\":\"Lyc\u00e9es fran\u00e7ais, International Education\",\"publisher\":{\"@id\":\"https:\\\/\\\/odyssey.education\\\/#organization\"},\"potentialAction\":[{\"@type\":\"SearchAction\",\"target\":{\"@type\":\"EntryPoint\",\"urlTemplate\":\"https:\\\/\\\/odyssey.education\\\/?s={search_term_string}\"},\"query-input\":{\"@type\":\"PropertyValueSpecification\",\"valueRequired\":true,\"valueName\":\"search_term_string\"}}],\"inLanguage\":\"en-US\"},{\"@type\":\"Organization\",\"@id\":\"https:\\\/\\\/odyssey.education\\\/#organization\",\"name\":\"Odyssey\",\"url\":\"https:\\\/\\\/odyssey.education\\\/\",\"logo\":{\"@type\":\"ImageObject\",\"inLanguage\":\"en-US\",\"@id\":\"https:\\\/\\\/odyssey.education\\\/#\\\/schema\\\/logo\\\/image\\\/\",\"url\":\"https:\\\/\\\/odyssey.education\\\/wp-content\\\/uploads\\\/2022\\\/01\\\/logo-2.png\",\"contentUrl\":\"https:\\\/\\\/odyssey.education\\\/wp-content\\\/uploads\\\/2022\\\/01\\\/logo-2.png\",\"width\":278,\"height\":101,\"caption\":\"Odyssey\"},\"image\":{\"@id\":\"https:\\\/\\\/odyssey.education\\\/#\\\/schema\\\/logo\\\/image\\\/\"},\"sameAs\":[\"https:\\\/\\\/www.linkedin.com\\\/company\\\/odyssey-international-sas\\\/\"]},{\"@type\":\"Person\",\"@id\":\"https:\\\/\\\/odyssey.education\\\/#\\\/schema\\\/person\\\/90709a4dcad956791230c43bef894df0\",\"name\":\"Lisa Lim\",\"image\":{\"@type\":\"ImageObject\",\"inLanguage\":\"en-US\",\"@id\":\"https:\\\/\\\/secure.gravatar.com\\\/avatar\\\/5008d081ede4a55be74bbe2b6c81c1101f4d340bf96176461f43b62b9a82fc9b?s=96&d=mm&r=g\",\"url\":\"https:\\\/\\\/secure.gravatar.com\\\/avatar\\\/5008d081ede4a55be74bbe2b6c81c1101f4d340bf96176461f43b62b9a82fc9b?s=96&d=mm&r=g\",\"contentUrl\":\"https:\\\/\\\/secure.gravatar.com\\\/avatar\\\/5008d081ede4a55be74bbe2b6c81c1101f4d340bf96176461f43b62b9a82fc9b?s=96&d=mm&r=g\",\"caption\":\"Lisa Lim\"},\"url\":\"https:\\\/\\\/odyssey.education\\\/en\\\/author\\\/lisa-limodyssey-edu-com\\\/\"}]}<\/script>\n<!-- \/ Yoast SEO plugin. -->","yoast_head_json":{"title":"Luc Chatel visits LPE Ho Chi Minh City - ODYSSEY","description":"Luc Chatel, Chairman of Odyssey Education, visited the staff and pupils of La Petite Ecole Ho Chi Minh City in Vietnam.","robots":{"index":"index","follow":"follow","max-snippet":"max-snippet:-1","max-image-preview":"max-image-preview:large","max-video-preview":"max-video-preview:-1"},"canonical":"https:\/\/odyssey.education\/en\/2025\/06\/11\/luc-chatel-la-petite-ecole-ho-chi-minh-city\/","og_locale":"en_US","og_type":"article","og_title":"Luc Chatel visits LPE Ho Chi Minh City - ODYSSEY","og_description":"Luc Chatel, Chairman of Odyssey Education, visited the staff and pupils of La Petite Ecole Ho Chi Minh City in Vietnam.","og_url":"https:\/\/odyssey.education\/en\/2025\/06\/11\/luc-chatel-la-petite-ecole-ho-chi-minh-city\/","og_site_name":"ODYSSEY","article_published_time":"2025-06-11T13:33:18+00:00","article_modified_time":"2025-06-11T13:57:04+00:00","og_image":[{"url":"https:\/\/odyssey.education\/wp-content\/uploads\/2025\/06\/La-Petite-Ecole-Ho-Chi-Minh-City-June-2026-1-722x564.jpg","type":"","width":"","height":""}],"author":"Lisa Lim","twitter_card":"summary_large_image","twitter_misc":{"Written by":"Lisa Lim","Est. reading time":"6 minutes"},"schema":{"@context":"https:\/\/schema.org","@graph":[{"@type":"Article","@id":"https:\/\/odyssey.education\/en\/2025\/06\/11\/luc-chatel-la-petite-ecole-ho-chi-minh-city\/#article","isPartOf":{"@id":"https:\/\/odyssey.education\/en\/2025\/06\/11\/luc-chatel-la-petite-ecole-ho-chi-minh-city\/"},"author":{"name":"Lisa Lim","@id":"https:\/\/odyssey.education\/#\/schema\/person\/90709a4dcad956791230c43bef894df0"},"headline":"Luc Chatel visits LPE Ho Chi Minh City","datePublished":"2025-06-11T13:33:18+00:00","dateModified":"2025-06-11T13:57:04+00:00","mainEntityOfPage":{"@id":"https:\/\/odyssey.education\/en\/2025\/06\/11\/luc-chatel-la-petite-ecole-ho-chi-minh-city\/"},"wordCount":237,"publisher":{"@id":"https:\/\/odyssey.education\/#organization"},"image":{"@id":"https:\/\/odyssey.education\/en\/2025\/06\/11\/luc-chatel-la-petite-ecole-ho-chi-minh-city\/#primaryimage"},"thumbnailUrl":"https:\/\/odyssey.education\/wp-content\/uploads\/2025\/06\/La-Petite-Ecole-Ho-Chi-Minh-City-June-2026-1-722x564.jpg","articleSection":["News"],"inLanguage":"en-US"},{"@type":"WebPage","@id":"https:\/\/odyssey.education\/en\/2025\/06\/11\/luc-chatel-la-petite-ecole-ho-chi-minh-city\/","url":"https:\/\/odyssey.education\/en\/2025\/06\/11\/luc-chatel-la-petite-ecole-ho-chi-minh-city\/","name":"Luc Chatel visits LPE Ho Chi Minh City - ODYSSEY","isPartOf":{"@id":"https:\/\/odyssey.education\/#website"},"primaryImageOfPage":{"@id":"https:\/\/odyssey.education\/en\/2025\/06\/11\/luc-chatel-la-petite-ecole-ho-chi-minh-city\/#primaryimage"},"image":{"@id":"https:\/\/odyssey.education\/en\/2025\/06\/11\/luc-chatel-la-petite-ecole-ho-chi-minh-city\/#primaryimage"},"thumbnailUrl":"https:\/\/odyssey.education\/wp-content\/uploads\/2025\/06\/La-Petite-Ecole-Ho-Chi-Minh-City-June-2026-1-722x564.jpg","datePublished":"2025-06-11T13:33:18+00:00","dateModified":"2025-06-11T13:57:04+00:00","description":"Luc Chatel, Chairman of Odyssey Education, visited the staff and pupils of La Petite Ecole Ho Chi Minh City in Vietnam.","breadcrumb":{"@id":"https:\/\/odyssey.education\/en\/2025\/06\/11\/luc-chatel-la-petite-ecole-ho-chi-minh-city\/#breadcrumb"},"inLanguage":"en-US","potentialAction":[{"@type":"ReadAction","target":["https:\/\/odyssey.education\/en\/2025\/06\/11\/luc-chatel-la-petite-ecole-ho-chi-minh-city\/"]}]},{"@type":"ImageObject","inLanguage":"en-US","@id":"https:\/\/odyssey.education\/en\/2025\/06\/11\/luc-chatel-la-petite-ecole-ho-chi-minh-city\/#primaryimage","url":"https:\/\/odyssey.education\/wp-content\/uploads\/2025\/06\/La-Petite-Ecole-Ho-Chi-Minh-City-June-2026-1-722x564.jpg","contentUrl":"https:\/\/odyssey.education\/wp-content\/uploads\/2025\/06\/La-Petite-Ecole-Ho-Chi-Minh-City-June-2026-1-722x564.jpg"},{"@type":"BreadcrumbList","@id":"https:\/\/odyssey.education\/en\/2025\/06\/11\/luc-chatel-la-petite-ecole-ho-chi-minh-city\/#breadcrumb","itemListElement":[{"@type":"ListItem","position":1,"name":"Accueil","item":"https:\/\/odyssey.education\/en\/"},{"@type":"ListItem","position":2,"name":"Luc Chatel visits LPE Ho Chi Minh City"}]},{"@type":"WebSite","@id":"https:\/\/odyssey.education\/#website","url":"https:\/\/odyssey.education\/","name":"ODYSSEY","description":"Lyc\u00e9es fran\u00e7ais, International Education","publisher":{"@id":"https:\/\/odyssey.education\/#organization"},"potentialAction":[{"@type":"SearchAction","target":{"@type":"EntryPoint","urlTemplate":"https:\/\/odyssey.education\/?s={search_term_string}"},"query-input":{"@type":"PropertyValueSpecification","valueRequired":true,"valueName":"search_term_string"}}],"inLanguage":"en-US"},{"@type":"Organization","@id":"https:\/\/odyssey.education\/#organization","name":"Odyssey","url":"https:\/\/odyssey.education\/","logo":{"@type":"ImageObject","inLanguage":"en-US","@id":"https:\/\/odyssey.education\/#\/schema\/logo\/image\/","url":"https:\/\/odyssey.education\/wp-content\/uploads\/2022\/01\/logo-2.png","contentUrl":"https:\/\/odyssey.education\/wp-content\/uploads\/2022\/01\/logo-2.png","width":278,"height":101,"caption":"Odyssey"},"image":{"@id":"https:\/\/odyssey.education\/#\/schema\/logo\/image\/"},"sameAs":["https:\/\/www.linkedin.com\/company\/odyssey-international-sas\/"]},{"@type":"Person","@id":"https:\/\/odyssey.education\/#\/schema\/person\/90709a4dcad956791230c43bef894df0","name":"Lisa Lim","image":{"@type":"ImageObject","inLanguage":"en-US","@id":"https:\/\/secure.gravatar.com\/avatar\/5008d081ede4a55be74bbe2b6c81c1101f4d340bf96176461f43b62b9a82fc9b?s=96&d=mm&r=g","url":"https:\/\/secure.gravatar.com\/avatar\/5008d081ede4a55be74bbe2b6c81c1101f4d340bf96176461f43b62b9a82fc9b?s=96&d=mm&r=g","contentUrl":"https:\/\/secure.gravatar.com\/avatar\/5008d081ede4a55be74bbe2b6c81c1101f4d340bf96176461f43b62b9a82fc9b?s=96&d=mm&r=g","caption":"Lisa Lim"},"url":"https:\/\/odyssey.education\/en\/author\/lisa-limodyssey-edu-com\/"}]}},"lang":"en","_links":{"self":[{"href":"https:\/\/odyssey.education\/en\/wp-json\/wp\/v2\/posts\/10489","targetHints":{"allow":["GET"]}}],"collection":[{"href":"https:\/\/odyssey.education\/en\/wp-json\/wp\/v2\/posts"}],"about":[{"href":"https:\/\/odyssey.education\/en\/wp-json\/wp\/v2\/types\/post"}],"author":[{"embeddable":true,"href":"https:\/\/odyssey.education\/en\/wp-json\/wp\/v2\/users\/14"}],"replies":[{"embeddable":true,"href":"https:\/\/odyssey.education\/en\/wp-json\/wp\/v2\/comments?post=10489"}],"version-history":[{"count":9,"href":"https:\/\/odyssey.education\/en\/wp-json\/wp\/v2\/posts\/10489\/revisions"}],"predecessor-version":[{"id":10505,"href":"https:\/\/odyssey.education\/en\/wp-json\/wp\/v2\/posts\/10489\/revisions\/10505"}],"wp:attachment":[{"href":"https:\/\/odyssey.education\/en\/wp-json\/wp\/v2\/media?parent=10489"}],"wp:term":[{"taxonomy":"category","embeddable":true,"href":"https:\/\/odyssey.education\/en\/wp-json\/wp\/v2\/categories?post=10489"},{"taxonomy":"post_tag","embeddable":true,"href":"https:\/\/odyssey.education\/en\/wp-json\/wp\/v2\/tags?post=10489"}],"curies":[{"name":"wp","href":"https:\/\/api.w.org\/{rel}","templated":true}]}}